{"id":50723,"date":"2017-03-28T00:00:00","date_gmt":"2017-03-28T03:00:00","guid":{"rendered":"https:\/\/cbl.org.br\/2017\/03\/28\/participacao-da-cbl-na-feira-do-livro-de-londres-14-a-16-de-marco\/"},"modified":"2022-05-26T15:43:56","modified_gmt":"2022-05-26T18:43:56","slug":"participacao-da-cbl-na-feira-do-livro-de-londres-14-a-16-de-marco","status":"publish","type":"post","link":"https:\/\/www.cbl.org.br\/es\/2017\/03\/participacao-da-cbl-na-feira-do-livro-de-londres-14-a-16-de-marco\/","title":{"rendered":"Participa\u00e7\u00e3o da CBL na Feira do Livro de Londres 14 a 16 de mar\u00e7o"},"content":{"rendered":"<p>Karine Pansa, diretora da CBL, e Luiz Alvaro Salles Aguiar de Menezes, gerente de Rela\u00e7\u00f5es Internacionais e respons\u00e1vel pelo projeto Brazilian Publishers, estiveram presentes na Feira do Livro de Londres, representando a C\u00e2mara Brasileira do Livro.<\/p>\n<p>O principal objetivo desta participa\u00e7\u00e3o foi acompanhar um dos eventos mais importantes do mercado editorial, conhecido por revelar as tend\u00eancias da ind\u00fastria do livro para o ano.<\/p>\n<p>Al\u00e9m disso, participaram do International Publishers Association (IPA) Educational Publishers Forum, que teve como destaque Pedro Milliet, especialista em livros digitais acess\u00edveis e nos formatos de livro digital DAISY e EPUB3, e do debate sobre livros acess\u00edveis e EPUB3 no mercado editorial internacional, com parceria da Unicef.\u00a0 O tema tamb\u00e9m foi tratado em diversos f\u00f3runs de discuss\u00e3o durante toda feira.<\/p>\n<p>Tamb\u00e9m estiveram presentes em importantes debates\/apresenta\u00e7\u00f5es:<\/p>\n<p><b>Debate on Fair Use<\/b> - um debate sobre a doutrina do \"uso justo\" e direitos autorais;<\/p>\n<p><b>Enter the Chinese Publishing Market<\/b> - organizada pela Beijing International Book Fair, mostrou um interessante panorama sobre o mercado editorial chin\u00eas;<\/p>\n<p><b>A Country in Spotlight: the impact of Book Fair Spotlight Programs<\/b> - debate sobre a participa\u00e7\u00f5es de pa\u00edses ou regi\u00f5es como convidados de honra em feiras internacionais e como isso afeta a exposi\u00e7\u00e3o e os neg\u00f3cios de seus respectivos mercados editoriais;<\/p>\n<p><b>LBF Publishing Excellence Awards 2017<\/b> - renomado pr\u00eamio da Feira do Livro de Londres com 16 categorias, entre elas: publica\u00e7\u00e3o internacional, acad\u00eamica e infantil, tradu\u00e7\u00e3o liter\u00e1ria e inova\u00e7\u00e3o digital. Luiz Schwarcz (Companhia das Letras) foi vencedor do pr\u00eamio Lifetime Achievement, na categoria International Publishing.<\/p>\n<p>V\u00e1rios editores brasileiros estiveram no evento, entre eles Rodrigo de Faria e Silva do SESI\/SENAI, editora apoiada pelo Brazilian Publishers: \u201cJ\u00e1 \u00e9 o segundo ano que vou a London Book Fair e das feiras que conhe\u00e7o \u00e9 a minha preferida. Amig\u00e1vel, intuitiva, acess\u00edvel. Acredito que por tratar-se de uma das mais importantes cidades da Europa, esta feira seja um ambiente fant\u00e1stico para atualiza\u00e7\u00f5es e discuss\u00f5es sobre o mercado\u201d.<\/p>","protected":false},"excerpt":{"rendered":"<p>Karine Pansa, diretora da CBL, e Luiz Alvaro Salles Aguiar de Menezes, gerente de Rela\u00e7\u00f5es Internacionais e respons\u00e1vel pelo projeto Brazilian Publishers, estiveram presentes na Feira do Livro de Londres, representando a C\u00e2mara Brasileira do Livro.<\/p>\n<p>O principal objetivo desta participa\u00e7\u00e3o foi acompanhar um dos eventos mais importantes do mercado editorial, conhecido por revelar as tend\u00eancias da ind\u00fastria do livro para o ano.<\/p>\n<p>Al\u00e9m disso, participaram do International Publishers Association (IPA) Educational Publishers Forum, que teve como destaque Pedro Milliet, especialista em livros digitais acess\u00edveis e nos formatos de livro digital DAISY e EPUB3, e do debate sobre livros acess\u00edveis e EPUB3 no mercado editorial internacional, com parceria da Unicef.\u00a0 O tema tamb\u00e9m foi tratado em diversos f\u00f3runs de discuss\u00e3o durante toda feira.<\/p>\n<p>Tamb\u00e9m estiveram presentes em importantes debates\/apresenta\u00e7\u00f5es:<\/p>\n<p><b>Debate on Fair Use<\/b> - um debate sobre a doutrina do \"uso justo\" e direitos autorais;<\/p>\n<p><b>Enter the Chinese Publishing Market<\/b> - organizada pela Beijing International Book Fair, mostrou um interessante panorama sobre o mercado editorial chin\u00eas;<\/p>\n<p><b>A Country in Spotlight: the impact of Book Fair Spotlight Programs<\/b> - debate sobre a participa\u00e7\u00f5es de pa\u00edses ou regi\u00f5es como convidados de honra em feiras internacionais e como isso afeta a exposi\u00e7\u00e3o e os neg\u00f3cios de seus respectivos mercados editoriais;<\/p>\n<p><b>LBF Publishing Excellence Awards 2017<\/b> - renomado pr\u00eamio da Feira do Livro de Londres com 16 categorias, entre elas: publica\u00e7\u00e3o internacional, acad\u00eamica e infantil, tradu\u00e7\u00e3o liter\u00e1ria e inova\u00e7\u00e3o digital. Luiz Schwarcz (Companhia das Letras) foi vencedor do pr\u00eamio Lifetime Achievement, na categoria International Publishing.<\/p>\n<p>V\u00e1rios editores brasileiros estiveram no evento, entre eles Rodrigo de Faria e Silva do SESI\/SENAI, editora apoiada pelo Brazilian Publishers: \u201cJ\u00e1 \u00e9 o segundo ano que vou a London Book Fair e das feiras que conhe\u00e7o \u00e9 a minha preferida. Amig\u00e1vel, intuitiva, acess\u00edvel. Acredito que por tratar-se de uma das mais importantes cidades da Europa, esta feira seja um ambiente fant\u00e1stico para atualiza\u00e7\u00f5es e discuss\u00f5es sobre o mercado\u201d.<\/p>","protected":false},"author":1,"featured_media":46774,"comment_status":"open","ping_status":"open","sticky":false,"template":"","format":"standard","meta":{"_acf_changed":false,"footnotes":""},"categories":[3],"tags":[],"class_list":["post-50723","post","type-post","status-publish","format-standard","has-post-thumbnail","hentry","category-noticias"],"acf":[],"_links":{"self":[{"href":"https:\/\/www.cbl.org.br\/es\/wp-json\/wp\/v2\/posts\/50723","targetHints":{"allow":["GET"]}}],"collection":[{"href":"https:\/\/www.cbl.org.br\/es\/wp-json\/wp\/v2\/posts"}],"about":[{"href":"https:\/\/www.cbl.org.br\/es\/wp-json\/wp\/v2\/types\/post"}],"author":[{"embeddable":true,"href":"https:\/\/www.cbl.org.br\/es\/wp-json\/wp\/v2\/users\/1"}],"replies":[{"embeddable":true,"href":"https:\/\/www.cbl.org.br\/es\/wp-json\/wp\/v2\/comments?post=50723"}],"version-history":[{"count":1,"href":"https:\/\/www.cbl.org.br\/es\/wp-json\/wp\/v2\/posts\/50723\/revisions"}],"predecessor-version":[{"id":51270,"href":"https:\/\/www.cbl.org.br\/es\/wp-json\/wp\/v2\/posts\/50723\/revisions\/51270"}],"wp:featuredmedia":[{"embeddable":true,"href":"https:\/\/www.cbl.org.br\/es\/wp-json\/wp\/v2\/media\/46774"}],"wp:attachment":[{"href":"https:\/\/www.cbl.org.br\/es\/wp-json\/wp\/v2\/media?parent=50723"}],"wp:term":[{"taxonomy":"category","embeddable":true,"href":"https:\/\/www.cbl.org.br\/es\/wp-json\/wp\/v2\/categories?post=50723"},{"taxonomy":"post_tag","embeddable":true,"href":"https:\/\/www.cbl.org.br\/es\/wp-json\/wp\/v2\/tags?post=50723"}],"curies":[{"name":"wp","href":"https:\/\/api.w.org\/{rel}","templated":true}]}}