{"id":131684,"date":"2026-08-31T10:38:21","date_gmt":"2026-08-31T13:38:21","guid":{"rendered":"https:\/\/cbl.org.br\/?p=131684"},"modified":"2026-08-31T10:43:16","modified_gmt":"2026-08-31T13:43:16","slug":"7a-jornada-profissional-do-brazilian-publishers-acontece-em-setembro-em-sao-paulo-com-meta-de-superar-us-945-mil-em-negocios","status":"publish","type":"post","link":"https:\/\/www.cbl.org.br\/es\/2026\/08\/7a-jornada-profissional-do-brazilian-publishers-acontece-em-setembro-em-sao-paulo-com-meta-de-superar-us-945-mil-em-negocios\/","title":{"rendered":"7\u00aa Jornada Profissional do Brazilian Publishers acontece em setembro, em S\u00e3o Paulo, com meta de superar US$ 945 mil em neg\u00f3cios"},"content":{"rendered":"<p style=\"font-size: 12px; line-height: 14px; word-break: break-word; text-align: center;\"><strong>\u00a0<\/strong><em><span style=\"font-size: 12pt;\">O evento reunir\u00e1 editores brasileiros e compradores internacionais para <\/span><br \/>\n<span style=\"font-size: 12pt;\">impulsionar a exporta\u00e7\u00e3o da literatura nacional<\/span><\/em><\/p>\n<p>&nbsp;<\/p>\n<p style=\"text-align: justify; line-height: 14px; word-break: break-word;\">La <strong>Jornada Profissional<\/strong> promovida pelo <strong>Brazilian Publishers<\/strong> \u2014 projeto de internacionaliza\u00e7\u00e3o do conte\u00fado editorial brasileiro realizado em parceria pela C\u00e2mara Brasileira do Livro (<a style=\"text-decoration: underline;\" href=\"https:\/\/www.cbl.org.br\/es\/\"><strong>CBL<\/strong><\/a>) e a Ag\u00eancia Brasileira de Promo\u00e7\u00e3o de Exporta\u00e7\u00f5es e Investimentos (<a style=\"text-decoration: underline;\" href=\"http:\/\/www.apexbrasil.com.br\"><strong>Agencia Brasile\u00f1a de Promoci\u00f3n de Exportaciones e Inversiones<\/strong><\/a>), com o apoio do Minist\u00e9rio das Rela\u00e7\u00f5es Exteriores (<a style=\"text-decoration: underline;\" href=\"https:\/\/www.gov.br\/mre\/pt-br\"><strong>MRE<\/strong><\/a>) e do Instituto Guimar\u00e3es Rosa (<a style=\"text-decoration: underline;\" href=\"https:\/\/www.gov.br\/mre\/pt-br\/assuntos\/cultura-e-educacao\/instituto-guimaraes-rosa\"><strong>IGR<\/strong><\/a>) \u2014 chega \u00e0 sua s\u00e9tima edi\u00e7\u00e3o consolidada como o maior hub de neg\u00f3cios liter\u00e1rios do pa\u00eds.<\/p>\n<p style=\"text-align: justify; line-height: 14px; word-break: break-word;\">O encontro acontecer\u00e1 nos dias <strong>02 e 03 de setembro de 2026<\/strong>, das <strong>09h \u00e0s 18h<\/strong>, integrado \u00e0 programa\u00e7\u00e3o da <a style=\"text-decoration: underline;\" href=\"https:\/\/www.bienaldolivrosp.com.br\/pt-br.html\"><strong>Bienal Internacional del Libro de S\u00e3o Paulo<\/strong><\/a>. O objetivo estrat\u00e9gico para este ano \u00e9 superar a marca de <strong>US$ 945 mil em novos neg\u00f3cios<\/strong>, expandindo a presen\u00e7a da literatura e dos direitos autorais brasileiros no mercado global.<\/p>\n<p style=\"font-size: 12px; line-height: 14px; word-break: break-word; text-align: justify;\"><strong>Empresas participantes<br \/>\n<\/strong><\/p>\n<p style=\"text-align: justify; line-height: 14px; word-break: break-word;\">A iniciativa conta com a participa\u00e7\u00e3o de empresas brasileiras como Abacatte Editorial, Aboio, Abroad Books, Aleph, Aletria, Anjo, Bamboozinho, Bem se Quer, Biruta, Boitempo, Callis, CLB Produ\u00e7\u00f5es, Companhia das Letras, Dublinense, Editora da UNICAMP, Editora do Brasil, Escreva, Eureka, Faz Hist\u00f3ria, FTD Educa\u00e7\u00e3o, Girassol Brasil, Global, Ideias Brilhantes, IMEPH, IndieLetter, Ler Editorial, Letras do Pensamento, Lisboa, Lume Livros, Mais Ativos, Melhoramentos, Mil Caramiolas, Mostra Internacional de Cinema de S\u00e3o Paulo, Panda Books, Pingo de Luz, Rua do Sab\u00e3o, Ruas, Solisluna, SPVI Books, San Pablo, SENAC SP, Stoonp Creations, Supers\u00f4nica, Telos, The Ruth Rocha Project, Verbo Divino e VR Editora.<\/p>\n<p style=\"text-align: justify; line-height: 14px; word-break: break-word;\">Essas editoras ter\u00e3o a oportunidade de negociar diretamente com representantes de organiza\u00e7\u00f5es e editoras internacionais, entre elas: Akal (Espanha), Alpha Editorial (Col\u00f4mbia), Anaya (Espanha), Animalibres (Espanha), Armaenia Editorial (Espanha), Bata Press (Maced\u00f4nia do Norte), Del Fondo Editorial (Argentina), Edebe (Espanha), Espiral Conica (Peru), FANDE (Espanha), Fundalectura (Col\u00f4mbia), Gramedia International (Indon\u00e9sia), Iberoamericana (Espanha), La Gran Nilson (Argentina), Logha Publishing (Egito), London Book Fair (Reino Unido), Morata (Espanha), Nahui (M\u00e9xico), Perell\u00f3 (Espanha), Reggio Children (It\u00e1lia), Rey Naranjo (Col\u00f4mbia), Russian Book Union (R\u00fassia), San Pablo (Espanha), Sharjah Book Authority (Emirados \u00c1rabes Unidos), Sweet Cherry (Reino Unido), Uni\u00f3n Editorial (Espanha) e Vakxikon Publications (Gr\u00e9cia).<\/p>\n<p style=\"font-size: 12px; line-height: 14px; word-break: break-word; text-align: justify;\"><strong>Din\u00e2mica do evento e foco estrat\u00e9gico<br \/>\n<\/strong><\/p>\n<p style=\"text-align: justify; line-height: 14px; word-break: break-word;\">A 7\u00aa Jornada Profissional foi desenhada para otimizar o tempo dos participantes e gerar conex\u00f5es de alto impacto entre editores nacionais e compradores internacionais. A programa\u00e7\u00e3o dos dois dias de evento ser\u00e1 dividida em dois momentos complementares.<\/p>\n<p style=\"text-align: justify; line-height: 14px; word-break: break-word;\">O per\u00edodo da manh\u00e3 ser\u00e1 dedicado \u00e0 capacita\u00e7\u00e3o e ao debate, com a realiza\u00e7\u00e3o de <strong>palestras e semin\u00e1rios<\/strong> focados em tend\u00eancias de mercado, coedi\u00e7\u00f5es e intelig\u00eancia comercial internacional.<\/p>\n<p style=\"text-align: justify; line-height: 14px; word-break: break-word;\">Durante o per\u00edodo da tarde, o foco ser\u00e1 em neg\u00f3cios, com <strong>rodadas individuais de matchmaking com dura\u00e7\u00e3o de 30 minutos<\/strong>. Nessas sess\u00f5es, os profissionais brasileiros negociam diretamente a venda de livros f\u00edsicos e a cess\u00e3o de direitos autorais com players estrat\u00e9gicos do mundo todo.<\/p>","protected":false},"excerpt":{"rendered":"<p>\u00a0O evento reunir\u00e1 editores brasileiros e compradores internacionais para impulsionar a exporta\u00e7\u00e3o da literatura nacional &nbsp; A Jornada Profissional promovida pelo Brazilian Publishers \u2014 projeto de internacionaliza\u00e7\u00e3o do conte\u00fado editorial brasileiro realizado em parceria pela C\u00e2mara Brasileira do Livro (CBL) e a Ag\u00eancia Brasileira de Promo\u00e7\u00e3o de Exporta\u00e7\u00f5es e Investimentos (ApexBrasil), com o apoio do [&hellip;]<\/p>\n","protected":false},"author":12,"featured_media":131686,"comment_status":"closed","ping_status":"closed","sticky":false,"template":"","format":"standard","meta":{"_acf_changed":false,"footnotes":""},"categories":[1],"tags":[],"class_list":["post-131684","post","type-post","status-publish","format-standard","has-post-thumbnail","hentry","category-nao-categorizado"],"acf":[],"_links":{"self":[{"href":"https:\/\/www.cbl.org.br\/es\/wp-json\/wp\/v2\/posts\/131684","targetHints":{"allow":["GET"]}}],"collection":[{"href":"https:\/\/www.cbl.org.br\/es\/wp-json\/wp\/v2\/posts"}],"about":[{"href":"https:\/\/www.cbl.org.br\/es\/wp-json\/wp\/v2\/types\/post"}],"author":[{"embeddable":true,"href":"https:\/\/www.cbl.org.br\/es\/wp-json\/wp\/v2\/users\/12"}],"replies":[{"embeddable":true,"href":"https:\/\/www.cbl.org.br\/es\/wp-json\/wp\/v2\/comments?post=131684"}],"version-history":[{"count":2,"href":"https:\/\/www.cbl.org.br\/es\/wp-json\/wp\/v2\/posts\/131684\/revisions"}],"predecessor-version":[{"id":131688,"href":"https:\/\/www.cbl.org.br\/es\/wp-json\/wp\/v2\/posts\/131684\/revisions\/131688"}],"wp:featuredmedia":[{"embeddable":true,"href":"https:\/\/www.cbl.org.br\/es\/wp-json\/wp\/v2\/media\/131686"}],"wp:attachment":[{"href":"https:\/\/www.cbl.org.br\/es\/wp-json\/wp\/v2\/media?parent=131684"}],"wp:term":[{"taxonomy":"category","embeddable":true,"href":"https:\/\/www.cbl.org.br\/es\/wp-json\/wp\/v2\/categories?post=131684"},{"taxonomy":"post_tag","embeddable":true,"href":"https:\/\/www.cbl.org.br\/es\/wp-json\/wp\/v2\/tags?post=131684"}],"curies":[{"name":"wp","href":"https:\/\/api.w.org\/{rel}","templated":true}]}}