{"id":50706,"date":"2017-03-03T00:00:00","date_gmt":"2017-03-03T03:00:00","guid":{"rendered":"https:\/\/cbl.org.br\/2017\/03\/03\/o-que-esperar-do-flipocos-2017\/"},"modified":"2022-05-26T15:44:12","modified_gmt":"2022-05-26T18:44:12","slug":"o-que-esperar-do-flipocos-2017","status":"publish","type":"post","link":"https:\/\/www.cbl.org.br\/en\/2017\/03\/o-que-esperar-do-flipocos-2017\/","title":{"rendered":"O que esperar do Flipo\u00e7os 2017?"},"content":{"rendered":"<p>Entre os dias 29 de abril e 07 de maio, acontecem a 12\u00aa edi\u00e7\u00e3o da Feira Nacional do Livro de Po\u00e7os de Caldas &amp; Flipo\u00e7os (Festival Liter\u00e1rio de Po\u00e7os de Caldas).<\/p>\n<p>A Flipo\u00e7os, \u00e9 um dos mais importantes festivais de literatura do Brasil. Conceituado n\u00e3o s\u00f3 pelo grande conte\u00fado e diversidade de temas, mas tamb\u00e9m, por promover os novos escritores. O tema do festival este ano \u00e9 \u201cMinha vida \u00e9 um romance\u201d Policial, drama, suspense ou aventura. Qual \u00e9 o seu?<\/p>\n<p>Presen\u00e7as confirmadas<\/p>\n<p>Entre as presen\u00e7as confirmadas para a Feira Nacional do Livro de Po\u00e7os de Caldas &amp; Flipo\u00e7os 2017 destacamos:<\/p>\n<p>Thalita Rebou\u00e7as<\/p>\n<p>Thalita Rebou\u00e7as nasceu no Rio de Janeiro e \u00e9 jornalista de forma\u00e7\u00e3o, mas abandonou as reda\u00e7\u00f5es para batalhar por seu sonho de ser escritora, que tinha desde crian\u00e7a. Deu certo. Aos 25 anos, publicou seu primeiro livro, Trai\u00e7\u00e3o entre amigas (Ao Livro T\u00e9cnico) e, ao longo de 16 anos de carreira, a autora de Fala s\u00e9rio, m\u00e3e! (Rocco), que tem paix\u00e3o por brigadeiro de colher, samba e adrenalina, publicou 20 t\u00edtulos, teve suas obras traduzidas no exterior em mais de 20 pa\u00edses e j\u00e1 vendeu 2 milh\u00f5es de livros. Agora, pela Editora Arqueiro, conta a hist\u00f3ria de Tet\u00ea, a garota que aprendeu a superar dificuldades em Confiss\u00f5es de uma garota exclu\u00edda, mal-amada e (um pouco) dram\u00e1tica.<\/p>\n<p>Rafael Gallo<\/p>\n<p>Rafael Gallo, escritor, \u00e9 paulista, autor de R\u00e9veillon e outros dias (Record, 2012), livro vencedor do Pr\u00eamio Sesc de Literatura e finalista do Pr\u00eamio Jabuti, ambos na categoria Contos. Em 2015 lan\u00e7ou Rebentar, seu primeiro romance, tamb\u00e9m pela Editora Record, livro que est\u00e1 entre os finalistas do Pr\u00eamio S\u00e3o Paulo de Literatura. Tem ainda contos publicados em diversas revistas e antologias, como a Desassossego (Ed. Mombak, 2014) e a Machado de Assis Magazine (Ed. Biblioteca Nacional, 2012), que publicou tradu\u00e7\u00e3o do conto R\u00e9veillon para o espanhol.<\/p>\n<p>Miriam Leit\u00e3o<\/p>\n<p>M\u00edriam Leit\u00e3o \u00e9 de Caratinga (MG). Hist\u00f3ria do futuro: o horizonte do Brasil no s\u00e9culo XXI \u00e9 seu terceiro livro de n\u00e3o fic\u00e7\u00e3o. Tamb\u00e9m \u00e9 autora do romance Tempos extremos , publicado pela Intr\u00ednseca em 2014, e de tr\u00eas obras infantis. \u00c9 jornalista de TV, r\u00e1dio, jornal e m\u00eddia digital. Em quarenta anos de profiss\u00e3o, recebeu diversos pr\u00eamios, entre eles o Maria Moors Cabot, da Universidade Columbia, de Nova York. Ganhou o Jabuti de Livro do Ano de N\u00e3o Fic\u00e7\u00e3o em 2012 por Saga brasileira.<\/p>\n<p>Pedro Maciel<\/p>\n<p>O escritor Pedro Maciel participa do Flipo\u00e7os 2017 apresentando a performance na qual, sob o facho de uma luz, interpreta fragmentos dos seus romances \u201cA noite de um iluminado\u201c, ed. Iluminuras, \u201cPrevis\u00f5es de um cego\u201d, ed. LeYa, \u201cRetornar com os p\u00e1ssaros\u201d, ed. LeYa, \u201cComo deixei de ser Deus\u201d, ed. Topbooks e \u201cA hora dos n\u00e1ufragos\u201d, ed. Bertrand Brasil. Ao mesmo tempo, um filme de m\u00e9dia metragem criado por Roberto Bellini ser\u00e1 exibido em uma tela. \u201cPrevis\u00f5es de um cego \u00e9 o fluxo de uma consci\u00eancia que se depara com a inexorabilidade do tempo e o encontro com a finitude.\u201d Folha de S\u00e3o Paulo. \u201cPedro Maciel chega ao terceiro romance, Retornar com os p\u00e1ssaros, superando-se ainda mais, o que o coloca como um dos escritores mais originais de sua gera\u00e7\u00e3o.\u201d Estado de Minas.<\/p>\n<p>(<a href=\"http:\/\/www.flipocos.com\/2017\/programacao-completa.html\">confira a rela\u00e7\u00e3o completa clicando aqui<\/a>)<\/p>\n<p>Para maiores informa\u00e7\u00f5es sobre o evento e programa\u00e7\u00e3o completa acesse: <a href=\"http:\/\/www.flipocos.com\">www.flipocos.com<\/a><\/p>","protected":false},"excerpt":{"rendered":"<p>Entre os dias 29 de abril e 07 de maio, acontecem a 12\u00aa edi\u00e7\u00e3o da Feira Nacional do Livro de Po\u00e7os de Caldas &amp; Flipo\u00e7os (Festival Liter\u00e1rio de Po\u00e7os de Caldas).<\/p>\n<p>A Flipo\u00e7os, \u00e9 um dos mais importantes festivais de literatura do Brasil. Conceituado n\u00e3o s\u00f3 pelo grande conte\u00fado e diversidade de temas, mas tamb\u00e9m, por promover os novos escritores. O tema do festival este ano \u00e9 \u201cMinha vida \u00e9 um romance\u201d Policial, drama, suspense ou aventura. Qual \u00e9 o seu?<\/p>\n<p>Presen\u00e7as confirmadas<\/p>\n<p>Entre as presen\u00e7as confirmadas para a Feira Nacional do Livro de Po\u00e7os de Caldas &amp; Flipo\u00e7os 2017 destacamos:<\/p>\n<p>Thalita Rebou\u00e7as<\/p>\n<p>Thalita Rebou\u00e7as nasceu no Rio de Janeiro e \u00e9 jornalista de forma\u00e7\u00e3o, mas abandonou as reda\u00e7\u00f5es para batalhar por seu sonho de ser escritora, que tinha desde crian\u00e7a. Deu certo. Aos 25 anos, publicou seu primeiro livro, Trai\u00e7\u00e3o entre amigas (Ao Livro T\u00e9cnico) e, ao longo de 16 anos de carreira, a autora de Fala s\u00e9rio, m\u00e3e! (Rocco), que tem paix\u00e3o por brigadeiro de colher, samba e adrenalina, publicou 20 t\u00edtulos, teve suas obras traduzidas no exterior em mais de 20 pa\u00edses e j\u00e1 vendeu 2 milh\u00f5es de livros. Agora, pela Editora Arqueiro, conta a hist\u00f3ria de Tet\u00ea, a garota que aprendeu a superar dificuldades em Confiss\u00f5es de uma garota exclu\u00edda, mal-amada e (um pouco) dram\u00e1tica.<\/p>\n<p>Rafael Gallo<\/p>\n<p>Rafael Gallo, escritor, \u00e9 paulista, autor de R\u00e9veillon e outros dias (Record, 2012), livro vencedor do Pr\u00eamio Sesc de Literatura e finalista do Pr\u00eamio Jabuti, ambos na categoria Contos. Em 2015 lan\u00e7ou Rebentar, seu primeiro romance, tamb\u00e9m pela Editora Record, livro que est\u00e1 entre os finalistas do Pr\u00eamio S\u00e3o Paulo de Literatura. Tem ainda contos publicados em diversas revistas e antologias, como a Desassossego (Ed. Mombak, 2014) e a Machado de Assis Magazine (Ed. Biblioteca Nacional, 2012), que publicou tradu\u00e7\u00e3o do conto R\u00e9veillon para o espanhol.<\/p>\n<p>Miriam Leit\u00e3o<\/p>\n<p>M\u00edriam Leit\u00e3o \u00e9 de Caratinga (MG). Hist\u00f3ria do futuro: o horizonte do Brasil no s\u00e9culo XXI \u00e9 seu terceiro livro de n\u00e3o fic\u00e7\u00e3o. Tamb\u00e9m \u00e9 autora do romance Tempos extremos , publicado pela Intr\u00ednseca em 2014, e de tr\u00eas obras infantis. \u00c9 jornalista de TV, r\u00e1dio, jornal e m\u00eddia digital. Em quarenta anos de profiss\u00e3o, recebeu diversos pr\u00eamios, entre eles o Maria Moors Cabot, da Universidade Columbia, de Nova York. Ganhou o Jabuti de Livro do Ano de N\u00e3o Fic\u00e7\u00e3o em 2012 por Saga brasileira.<\/p>\n<p>Pedro Maciel<\/p>\n<p>O escritor Pedro Maciel participa do Flipo\u00e7os 2017 apresentando a performance na qual, sob o facho de uma luz, interpreta fragmentos dos seus romances \u201cA noite de um iluminado\u201c, ed. Iluminuras, \u201cPrevis\u00f5es de um cego\u201d, ed. LeYa, \u201cRetornar com os p\u00e1ssaros\u201d, ed. LeYa, \u201cComo deixei de ser Deus\u201d, ed. Topbooks e \u201cA hora dos n\u00e1ufragos\u201d, ed. Bertrand Brasil. Ao mesmo tempo, um filme de m\u00e9dia metragem criado por Roberto Bellini ser\u00e1 exibido em uma tela. \u201cPrevis\u00f5es de um cego \u00e9 o fluxo de uma consci\u00eancia que se depara com a inexorabilidade do tempo e o encontro com a finitude.\u201d Folha de S\u00e3o Paulo. \u201cPedro Maciel chega ao terceiro romance, Retornar com os p\u00e1ssaros, superando-se ainda mais, o que o coloca como um dos escritores mais originais de sua gera\u00e7\u00e3o.\u201d Estado de Minas.<\/p>\n<p>(<a href=\"http:\/\/www.flipocos.com\/2017\/programacao-completa.html\">confira a rela\u00e7\u00e3o completa clicando aqui<\/a>)<\/p>\n<p>Para maiores informa\u00e7\u00f5es sobre o evento e programa\u00e7\u00e3o completa acesse: <a href=\"http:\/\/www.flipocos.com\">www.flipocos.com<\/a><\/p>","protected":false},"author":1,"featured_media":46746,"comment_status":"open","ping_status":"open","sticky":false,"template":"","format":"standard","meta":{"_acf_changed":false,"footnotes":""},"categories":[3],"tags":[],"class_list":["post-50706","post","type-post","status-publish","format-standard","has-post-thumbnail","hentry","category-noticias"],"acf":[],"_links":{"self":[{"href":"https:\/\/www.cbl.org.br\/en\/wp-json\/wp\/v2\/posts\/50706","targetHints":{"allow":["GET"]}}],"collection":[{"href":"https:\/\/www.cbl.org.br\/en\/wp-json\/wp\/v2\/posts"}],"about":[{"href":"https:\/\/www.cbl.org.br\/en\/wp-json\/wp\/v2\/types\/post"}],"author":[{"embeddable":true,"href":"https:\/\/www.cbl.org.br\/en\/wp-json\/wp\/v2\/users\/1"}],"replies":[{"embeddable":true,"href":"https:\/\/www.cbl.org.br\/en\/wp-json\/wp\/v2\/comments?post=50706"}],"version-history":[{"count":1,"href":"https:\/\/www.cbl.org.br\/en\/wp-json\/wp\/v2\/posts\/50706\/revisions"}],"predecessor-version":[{"id":51253,"href":"https:\/\/www.cbl.org.br\/en\/wp-json\/wp\/v2\/posts\/50706\/revisions\/51253"}],"wp:featuredmedia":[{"embeddable":true,"href":"https:\/\/www.cbl.org.br\/en\/wp-json\/wp\/v2\/media\/46746"}],"wp:attachment":[{"href":"https:\/\/www.cbl.org.br\/en\/wp-json\/wp\/v2\/media?parent=50706"}],"wp:term":[{"taxonomy":"category","embeddable":true,"href":"https:\/\/www.cbl.org.br\/en\/wp-json\/wp\/v2\/categories?post=50706"},{"taxonomy":"post_tag","embeddable":true,"href":"https:\/\/www.cbl.org.br\/en\/wp-json\/wp\/v2\/tags?post=50706"}],"curies":[{"name":"wp","href":"https:\/\/api.w.org\/{rel}","templated":true}]}}